{"id":651,"date":"2012-03-23T19:31:11","date_gmt":"2012-03-23T19:31:11","guid":{"rendered":"http:\/\/www.geam.org.py\/v3\/?p=651"},"modified":"2012-04-03T18:00:25","modified_gmt":"2012-04-03T18:00:25","slug":"651","status":"publish","type":"post","link":"https:\/\/www.geam.org.py\/v3\/blog\/651\/","title":{"rendered":"Pro ENEP se enfocar\u00e1 en soberan\u00eda alimentaria, empleo y educaci\u00f3n"},"content":{"rendered":"<p style=\"text-align: center;\"><a href=\"http:\/\/www.geam.org.py\/v3\/uploads\/2012\/03\/RETIRO.jpg\"><img decoding=\"async\" loading=\"lazy\" class=\"size-medium wp-image-652  aligncenter\" title=\"RETIRO\" src=\"http:\/\/www.geam.org.py\/v3\/uploads\/2012\/03\/RETIRO-445x210.jpg\" alt=\"\" width=\"445\" height=\"210\" srcset=\"https:\/\/www.geam.org.py\/v3\/uploads\/2012\/03\/RETIRO-445x210.jpg 445w, https:\/\/www.geam.org.py\/v3\/uploads\/2012\/03\/RETIRO.jpg 800w\" sizes=\"(max-width: 445px) 100vw, 445px\" \/><\/a><\/p>\n<p>Soberan\u00eda alimentaria, generaci\u00f3n de empleo y educaci\u00f3n son los temas identificados por la Comisi\u00f3n Pro Equipo Nacional de Estrategia Pa\u00eds (Pro ENEP) como prioritarios para encarar la lucha contra la pobreza extrema. Esto sali\u00f3 a relucir de consenso en la primera jornada de trabajo del novel organismo de di\u00e1logo social llevado a cabo entre el viernes y el domingo, en la ciudad de San Bernardino.<\/p>\n<p>La comisi\u00f3n est\u00e1 integrada por 49 personas, 41 de ellos provenientes de distintos sectores de la sociedad civil, 5 ministros del Poder Ejecutivo y representantes del Senado, Diputados y la Corte Suprema de Justicia. Participaron de la jornada de tres d\u00edas, 42 miembros de la Comisi\u00f3n Pro ENEP, integrantes del Equipo T\u00e9cnico y representantes de organismos internacionales de cooperaci\u00f3n.<\/p>\n<p>El objetivo principal del encuentro fue que los miembros de la comisi\u00f3n se conozcan y reconozcan como potenciales motores del cambio de la sociedad y actores protag\u00f3nicos que pueden incidir decisivamente en la planificaci\u00f3n y aplicaci\u00f3n de pol\u00edticas p\u00fablicas que fomenten un desarrollo econ\u00f3mico inclusivo, sostenible y sustentable, para la superaci\u00f3n de la pobreza extrema.<\/p>\n<p>En las din\u00e1micas y ejercicios de trabajo incluso se adelantaron propuestas de qu\u00e9 y c\u00f3mo hacer para conseguir los objetivos.<\/p>\n<p>La Comisi\u00f3n Pro ENEP tendr\u00e1 un plazo de 7 meses para elaborar propuestas y acercarlas a los poderes del Estado.<\/p>\n<p>Los miembros de la comisi\u00f3n destacaron la apertura, el respeto, la madurez y la tolerancia que se registraron en las primeras jornadas de trabajo, pese a la diversidad existente en el organismo. Tambi\u00e9n resaltaron las dudas y las incertidumbres que rodean a la tarea encomendada por el Poder Ejecutivo, pero manifestaron su optimismo y la esperanza de llegar a acuerdos y consensos beneficiosos para todo el pa\u00eds.<\/p>\n<p>Los miembros de la Comisi\u00f3n Pro ENEP recibieron un documento de trabajo base sobre la situaci\u00f3n econ\u00f3mica, social y ambiental, para la identificaci\u00f3n de los principales problemas y la adopci\u00f3n de soluciones a corto, mediano y largo plazo.<\/p>\n<p>El documento contempla datos oficiales del sector p\u00fablico, trabajos de organismos de cooperaci\u00f3n internacional y centros de investigaci\u00f3n.<\/p>\n<p>En las charlas hubo un punto coincidente entre los sectores campesinos, sindicales, empresariales, culturales, acad\u00e9micos y pueblos ind\u00edgenas: cr\u00edticas a la pol\u00edtica econ\u00f3mica del gobierno por su falta de inversi\u00f3n en el desarrollo, contando con altas reservas y un bajo endeudamiento.<\/p>\n<p>La iniciativa cuenta con el apoyo de la Agencia Espa\u00f1ola de Cooperaci\u00f3n Internacional para el Desarrollo (AECID), de la Agencia de los EEUU para el Desarrollo Internacional (USAID), a trav\u00e9s de Gesti\u00f3n Ambiental y Semillas para la Democracia; del Programa de las Naciones Unidas para el Desarrollo en Paraguay (PNUD) y del Parque Tecnol\u00f3gico Itaip\u00fa.<\/p>\n","protected":false},"excerpt":{"rendered":"<p>Soberan\u00eda alimentaria, generaci\u00f3n de empleo y educaci\u00f3n son los temas identificados por la Comisi\u00f3n Pro Equipo Nacional de Estrategia Pa\u00eds (Pro ENEP) como prioritarios para encarar la lucha contra la pobreza extrema. Esto sali\u00f3 a relucir de consenso en la primera jornada de trabajo del novel organismo de di\u00e1logo social llevado a cabo entre el [&hellip;]<\/p>\n","protected":false},"author":4,"featured_media":652,"comment_status":"open","ping_status":"open","sticky":false,"template":"","format":"standard","meta":[],"categories":[1],"tags":[41,53],"_links":{"self":[{"href":"https:\/\/www.geam.org.py\/v3\/wp-json\/wp\/v2\/posts\/651"}],"collection":[{"href":"https:\/\/www.geam.org.py\/v3\/wp-json\/wp\/v2\/posts"}],"about":[{"href":"https:\/\/www.geam.org.py\/v3\/wp-json\/wp\/v2\/types\/post"}],"author":[{"embeddable":true,"href":"https:\/\/www.geam.org.py\/v3\/wp-json\/wp\/v2\/users\/4"}],"replies":[{"embeddable":true,"href":"https:\/\/www.geam.org.py\/v3\/wp-json\/wp\/v2\/comments?post=651"}],"version-history":[{"count":1,"href":"https:\/\/www.geam.org.py\/v3\/wp-json\/wp\/v2\/posts\/651\/revisions"}],"predecessor-version":[{"id":653,"href":"https:\/\/www.geam.org.py\/v3\/wp-json\/wp\/v2\/posts\/651\/revisions\/653"}],"wp:featuredmedia":[{"embeddable":true,"href":"https:\/\/www.geam.org.py\/v3\/wp-json\/wp\/v2\/media\/652"}],"wp:attachment":[{"href":"https:\/\/www.geam.org.py\/v3\/wp-json\/wp\/v2\/media?parent=651"}],"wp:term":[{"taxonomy":"category","embeddable":true,"href":"https:\/\/www.geam.org.py\/v3\/wp-json\/wp\/v2\/categories?post=651"},{"taxonomy":"post_tag","embeddable":true,"href":"https:\/\/www.geam.org.py\/v3\/wp-json\/wp\/v2\/tags?post=651"}],"curies":[{"name":"wp","href":"https:\/\/api.w.org\/{rel}","templated":true}]}}