{"id":611,"date":"2012-03-06T19:28:57","date_gmt":"2012-03-06T19:28:57","guid":{"rendered":"http:\/\/www.geam.org.py\/v3\/?p=611"},"modified":"2012-03-06T19:44:32","modified_gmt":"2012-03-06T19:44:32","slug":"miembros-de-la-comision-pro-enep-se-comprometen-a-colaborar-con-el-desarrollo","status":"publish","type":"post","link":"https:\/\/www.geam.org.py\/v3\/blog\/miembros-de-la-comision-pro-enep-se-comprometen-a-colaborar-con-el-desarrollo\/","title":{"rendered":"Miembros de la Comisi\u00f3n Pro ENEP se comprometen a colaborar con el desarrollo"},"content":{"rendered":"<p style=\"text-align: center;\"><a href=\"http:\/\/www.geam.org.py\/v3\/uploads\/2012\/03\/Seleccionada01.jpg\"><img decoding=\"async\" loading=\"lazy\" class=\"size-medium wp-image-614   aligncenter\" title=\"Seleccionada01\" src=\"http:\/\/www.geam.org.py\/v3\/uploads\/2012\/03\/Seleccionada01-445x267.jpg\" alt=\"\" width=\"445\" height=\"267\" srcset=\"https:\/\/www.geam.org.py\/v3\/uploads\/2012\/03\/Seleccionada01-445x267.jpg 445w, https:\/\/www.geam.org.py\/v3\/uploads\/2012\/03\/Seleccionada01.jpg 800w\" sizes=\"(max-width: 445px) 100vw, 445px\" \/><\/a><\/p>\n<p><em>PRIMERA REUNI\u00d3N DE INSTANCIA DE DI\u00c1LOGO SOCIAL<\/em><\/p>\n<p>El optimismo, la esperanza, y por qu\u00e9 no, tambi\u00e9n la incertidumbre, rodearon a la primera reuni\u00f3n de car\u00e1cter informal de la Comisi\u00f3n Pro Equipo Nacional de Estrategia Pa\u00eds (Pro ENEP) que se desarroll\u00f3 ayer en el local de la Secretar\u00eda T\u00e9cnica de Planificaci\u00f3n. No obstante, los integrantes de la in\u00e9dita instancia ciudadana manifestaron el firme compromiso de colaborar con el desarrollo del pa\u00eds, a trav\u00e9s del di\u00e1logo y la construcci\u00f3n de acuerdos y consensos que posibiliten la aplicaci\u00f3n de pol\u00edticas p\u00fablicas inclusivas.<\/p>\n<p>El nuevo organismo, asesor y consultor del Poder Ejecutivo, pero con autonom\u00eda en sus decisiones y recomendaciones, est\u00e1 integrado por exponentes de los sectores campesinos, empresariales, sindicales, culturales, acad\u00e9micos y de los pueblos ind\u00edgenas, y representantes de los tres poderes del Estado.<\/p>\n<p>Treinta y ocho de los 42 figuras representativas de la sociedad civil, y ministros y representantes de los ministerios de Hacienda, Secretar\u00eda General de la Presidencia, Secretar\u00eda T\u00e9nica de Planificaci\u00f3n, Secretar\u00eda de la Mujer y la Secretar\u00eda de Acci\u00f3n Social se reunieron para recibir informaci\u00f3n sobre el proceso de creaci\u00f3n de la instancia de di\u00e1logo social, las pr\u00f3ximas actividades previstas y tambi\u00e9n para que empiecen a conocerse.<\/p>\n<p>Entre otros, estuvieron presentes Bartomeu Meli\u00e1, Melquiades Alonso, Arsenio Vasconsellos, Enrique Sosa Elizeche, Damasio Quiroga, Stella Cacace, Clyde Soto, Alberto Acosta Garbarino, Ana Luci Porro, Cristina Bogado, Beltr\u00e1n Macchi, Jacinto Santa Mar\u00eda, Esther Leiva, Adolf Sauer, Sebasti\u00e1n Pe\u00f1a y Eulalio L\u00f3pez.<\/p>\n<p>Tambi\u00e9n estuvieron los secretarios ejecutivos Hugo Royg, Hugo Richer, Ger\u00f3nimo Bellasai, en representaci\u00f3n de Hacienda; y Teresita Silvero, en representaci\u00f3n de la Secretar\u00eda de la Mujer.<\/p>\n<p><em><a href=\"http:\/\/www.geam.org.py\/v3\/uploads\/2012\/03\/Seleccionada02.jpg\"><img decoding=\"async\" loading=\"lazy\" class=\"alignright size-medium wp-image-613\" title=\"1ra reuni\u00f3n de la Comisi\u00f3n Pro ENEP\" src=\"http:\/\/www.geam.org.py\/v3\/uploads\/2012\/03\/Seleccionada02-445x301.jpg\" alt=\"\" width=\"366\" height=\"247\" srcset=\"https:\/\/www.geam.org.py\/v3\/uploads\/2012\/03\/Seleccionada02-445x301.jpg 445w, https:\/\/www.geam.org.py\/v3\/uploads\/2012\/03\/Seleccionada02-800x541.jpg 800w, https:\/\/www.geam.org.py\/v3\/uploads\/2012\/03\/Seleccionada02.jpg 1001w\" sizes=\"(max-width: 366px) 100vw, 366px\" \/><\/a><\/em><span style=\"text-decoration: underline;\"><strong>Acto y retiro.<\/strong><\/span> El acto oficial de instalaci\u00f3n de la Comisi\u00f3n Pro ENEP se llevar\u00e1 a cabo el viernes 16 de marzo, a las 7:30, en la explanada del Palacio de Gobierno, con la presencia del presidente Fernando Lugo.<\/p>\n<p>Tras el acto, los 50 miembros de la Comisi\u00f3n Pro ENEP tomar\u00e1n parte de un retiro de 3 d\u00edas, en donde empezar\u00e1n a delinear las l\u00edneas de acci\u00f3n de la instituci\u00f3n.<\/p>\n<p>La Comisi\u00f3n Pro ENEP, en un plazo de 7 meses computados a partir del 1 de marzo, elaborar\u00e1n el mecanismo de funcionamiento y el modelo de integraci\u00f3n de una instancia permanente de di\u00e1logo, el ENEP, y una agenda de prioridades para encarar acciones estrat\u00e9gicas de corto, mediano y larzo plazo, con \u00e9nfasis en la superaci\u00f3n de la extrema pobreza.<\/p>\n<p>La iniciativa cuenta con el apoyo de la Agencia Espa\u00f1ola de Cooperaci\u00f3n Internacional para el Desarrollo (AECID), de la Agencia de los EEUU para el Desarrollo Internacional (USAID), a trav\u00e9s de Gesti\u00f3n Ambiental y Semillas para la Democracia; del Programa de las Naciones Unidas para el Desarrollo en Paraguay (PNUD) y del Parque Tecnol\u00f3gico Itaip\u00fa.<\/p>\n<p>Fuente: <a href=\"http:\/\/www.stp.gov.py\/Noticia\/14213#0\" target=\"_blank\">Secretar\u00eda T\u00e9cnica de Planificaci\u00f3n<\/a><\/p>\n","protected":false},"excerpt":{"rendered":"<p>PRIMERA REUNI\u00d3N DE INSTANCIA DE DI\u00c1LOGO SOCIAL El optimismo, la esperanza, y por qu\u00e9 no, tambi\u00e9n la incertidumbre, rodearon a la primera reuni\u00f3n de car\u00e1cter informal de la Comisi\u00f3n Pro Equipo Nacional de Estrategia Pa\u00eds (Pro ENEP) que se desarroll\u00f3 ayer en el local de la Secretar\u00eda T\u00e9cnica de Planificaci\u00f3n. No obstante, los integrantes de [&hellip;]<\/p>\n","protected":false},"author":4,"featured_media":614,"comment_status":"open","ping_status":"open","sticky":false,"template":"","format":"standard","meta":[],"categories":[1],"tags":[41,53],"_links":{"self":[{"href":"https:\/\/www.geam.org.py\/v3\/wp-json\/wp\/v2\/posts\/611"}],"collection":[{"href":"https:\/\/www.geam.org.py\/v3\/wp-json\/wp\/v2\/posts"}],"about":[{"href":"https:\/\/www.geam.org.py\/v3\/wp-json\/wp\/v2\/types\/post"}],"author":[{"embeddable":true,"href":"https:\/\/www.geam.org.py\/v3\/wp-json\/wp\/v2\/users\/4"}],"replies":[{"embeddable":true,"href":"https:\/\/www.geam.org.py\/v3\/wp-json\/wp\/v2\/comments?post=611"}],"version-history":[{"count":1,"href":"https:\/\/www.geam.org.py\/v3\/wp-json\/wp\/v2\/posts\/611\/revisions"}],"predecessor-version":[{"id":615,"href":"https:\/\/www.geam.org.py\/v3\/wp-json\/wp\/v2\/posts\/611\/revisions\/615"}],"wp:featuredmedia":[{"embeddable":true,"href":"https:\/\/www.geam.org.py\/v3\/wp-json\/wp\/v2\/media\/614"}],"wp:attachment":[{"href":"https:\/\/www.geam.org.py\/v3\/wp-json\/wp\/v2\/media?parent=611"}],"wp:term":[{"taxonomy":"category","embeddable":true,"href":"https:\/\/www.geam.org.py\/v3\/wp-json\/wp\/v2\/categories?post=611"},{"taxonomy":"post_tag","embeddable":true,"href":"https:\/\/www.geam.org.py\/v3\/wp-json\/wp\/v2\/tags?post=611"}],"curies":[{"name":"wp","href":"https:\/\/api.w.org\/{rel}","templated":true}]}}