{"id":603,"date":"2012-02-18T19:54:40","date_gmt":"2012-02-18T19:54:40","guid":{"rendered":"http:\/\/www.geam.org.py\/v3\/?p=603"},"modified":"2012-03-04T22:12:29","modified_gmt":"2012-03-04T22:12:29","slug":"presentan-guia-para-la-elaboracion-del-plan-estrategico-de-unidad-de-gestion","status":"publish","type":"post","link":"https:\/\/www.geam.org.py\/v3\/blog\/presentan-guia-para-la-elaboracion-del-plan-estrategico-de-unidad-de-gestion\/","title":{"rendered":"Presentan Gu\u00eda para la Elaboraci\u00f3n del Plan Estrat\u00e9gico de Unidad de Gesti\u00f3n"},"content":{"rendered":"<p style=\"text-align: center;\">\n<p style=\"text-align: center;\">\n<p><a href=\"http:\/\/www.geam.org.py\/v3\/uploads\/2012\/02\/presentacionguia01.jpg\"><img decoding=\"async\" loading=\"lazy\" class=\"aligncenter size-medium wp-image-610\" title=\"presentacionguia01\" src=\"http:\/\/www.geam.org.py\/v3\/uploads\/2012\/02\/presentacionguia01-445x249.jpg\" alt=\"\" width=\"445\" height=\"249\" srcset=\"https:\/\/www.geam.org.py\/v3\/uploads\/2012\/02\/presentacionguia01-445x249.jpg 445w, https:\/\/www.geam.org.py\/v3\/uploads\/2012\/02\/presentacionguia01.jpg 800w\" sizes=\"(max-width: 445px) 100vw, 445px\" \/><\/a><\/p>\n<p>El 16 de febrero se llev\u00f3 a cabo la presentaci\u00f3n de la Gu\u00eda para la Elaboraci\u00f3n del Plan Estrat\u00e9gico de Unidad de Gesti\u00f3n, a cargo del consultor internacional Jorge Hintze y con la presencia de la ministra de la Funci\u00f3n P\u00fablica, Lilian Soto, y el ministro de la Secretar\u00eda T\u00e9cnica de Planificaci\u00f3n (STP), Hugo Royg.<\/p>\n<p>La Gu\u00eda fue socializada oficialmente por la Direcci\u00f3n General de Gesti\u00f3n del Cambio Institucional de la SFP, en la versi\u00f3n para su aplicaci\u00f3n en la red de gesti\u00f3n de la Funci\u00f3n P\u00fablica. Su elaboraci\u00f3n se verific\u00f3 en el marco del Proyecto Promoci\u00f3n del Servicio Civil, promovido por la Secretar\u00eda de la Funci\u00f3n P\u00fablica (SFP), con el apoyo de geAm \u2013 Gesti\u00f3n Ambiental y la Agencia de los Estados Unidos para el Desarrollo Internacional (USAID).<\/p>\n<p>\u201cUno de los d\u00e9ficits que son normales en instituciones p\u00fablicas, es la poca presencia de capacidad de planificaci\u00f3n. Esa fue la demanda inicial con la que empezamos a trabajar\u201d, explic\u00f3 Hintze, quien asesora a las instituciones involucradas en los trabajos de mejora de la gesti\u00f3n de personas.<\/p>\n<p><a href=\"http:\/\/www.geam.org.py\/v3\/uploads\/2012\/03\/presentaci\u00f3nguia2.jpg\"><img decoding=\"async\" loading=\"lazy\" class=\"alignleft size-full wp-image-607\" title=\"presentaci\u00f3nguia\" src=\"http:\/\/www.geam.org.py\/v3\/uploads\/2012\/03\/presentaci\u00f3nguia2.jpg\" alt=\"\" width=\"314\" height=\"170\" \/><\/a>El objetivo fundamental de la Gu\u00eda es proporcionar los elementos necesarios para la elaboraci\u00f3n del plan estrat\u00e9gico de unidades de gesti\u00f3n. Su contenido se trabaj\u00f3 de manera conjunta con la STP.<\/p>\n<p>Adem\u00e1s de las autoridades de la SFP y STP, tambi\u00e9n participaron del evento los consultores, servidores p\u00fablicos de ambas instituciones y representantes de la cooperaci\u00f3n geAm y USAID.<\/p>\n","protected":false},"excerpt":{"rendered":"<p>El 16 de febrero se llev\u00f3 a cabo la presentaci\u00f3n de la Gu\u00eda para la Elaboraci\u00f3n del Plan Estrat\u00e9gico de Unidad de Gesti\u00f3n, a cargo del consultor internacional Jorge Hintze y con la presencia de la ministra de la Funci\u00f3n P\u00fablica, Lilian Soto, y el ministro de la Secretar\u00eda T\u00e9cnica de Planificaci\u00f3n (STP), Hugo Royg. [&hellip;]<\/p>\n","protected":false},"author":4,"featured_media":610,"comment_status":"open","ping_status":"open","sticky":false,"template":"","format":"standard","meta":[],"categories":[1],"tags":[44,49],"_links":{"self":[{"href":"https:\/\/www.geam.org.py\/v3\/wp-json\/wp\/v2\/posts\/603"}],"collection":[{"href":"https:\/\/www.geam.org.py\/v3\/wp-json\/wp\/v2\/posts"}],"about":[{"href":"https:\/\/www.geam.org.py\/v3\/wp-json\/wp\/v2\/types\/post"}],"author":[{"embeddable":true,"href":"https:\/\/www.geam.org.py\/v3\/wp-json\/wp\/v2\/users\/4"}],"replies":[{"embeddable":true,"href":"https:\/\/www.geam.org.py\/v3\/wp-json\/wp\/v2\/comments?post=603"}],"version-history":[{"count":1,"href":"https:\/\/www.geam.org.py\/v3\/wp-json\/wp\/v2\/posts\/603\/revisions"}],"predecessor-version":[{"id":608,"href":"https:\/\/www.geam.org.py\/v3\/wp-json\/wp\/v2\/posts\/603\/revisions\/608"}],"wp:featuredmedia":[{"embeddable":true,"href":"https:\/\/www.geam.org.py\/v3\/wp-json\/wp\/v2\/media\/610"}],"wp:attachment":[{"href":"https:\/\/www.geam.org.py\/v3\/wp-json\/wp\/v2\/media?parent=603"}],"wp:term":[{"taxonomy":"category","embeddable":true,"href":"https:\/\/www.geam.org.py\/v3\/wp-json\/wp\/v2\/categories?post=603"},{"taxonomy":"post_tag","embeddable":true,"href":"https:\/\/www.geam.org.py\/v3\/wp-json\/wp\/v2\/tags?post=603"}],"curies":[{"name":"wp","href":"https:\/\/api.w.org\/{rel}","templated":true}]}}