{"id":504,"date":"2011-11-06T18:18:14","date_gmt":"2011-11-06T18:18:14","guid":{"rendered":"http:\/\/www.geam.org.py\/v3\/?p=504"},"modified":"2012-01-11T18:26:06","modified_gmt":"2012-01-11T18:26:06","slug":"transmision-via-radio-on-line-del-congreso-internacional-del-clad","status":"publish","type":"post","link":"https:\/\/www.geam.org.py\/v3\/blog\/transmision-via-radio-on-line-del-congreso-internacional-del-clad\/","title":{"rendered":"Transmisi\u00f3n v\u00eda radio on-line del Congreso Internacional del CLAD"},"content":{"rendered":"<p>La radio on-line del Foro Virtual Consultivo sobre Pol\u00edticas de la Funci\u00f3n P\u00fablica www.forovirtualsfp.com transmitir\u00e1 las alternativas el XVI Congreso Internacional del CLAD sobre la Reforma del Estado y de la Administraci\u00f3n P\u00fablica, organizado por la Secretar\u00eda de la Funci\u00f3n P\u00fablica (SFP), del 8 al 11 de noviembre, en el Hotel Sheraton.<\/p>\n<p>Atendiendo el extenso programa del evento, que tendr\u00e1 como protagonistas a expertos nacionales y extranjeros, la radio on-line del Foro Virtual Consultivo transmitir\u00e1 las conferencias y paneles centrales para facilitar una difusi\u00f3n m\u00e1s amplia del encuentro. De esta manera, las personas interesadas en la tem\u00e1tica que no puedan participar de manera presencial del Congreso, podr\u00e1n seguir sus debates a trav\u00e9s de la transmisi\u00f3n v\u00eda internet.<\/p>\n<p>El Foro Virtual fue lanzado recientemente y busca constituirse en espacio de debate e intercambio de informaci\u00f3n entre el \u00e1mbito de la administraci\u00f3n p\u00fablica y la sociedad civil. La iniciativa es promovida por la SFP, con el apoyo de geAm \u2013 Gesti\u00f3n Ambiental y la Agencia de los Estados Unidos para el Desarrollo Internacional \u2013 USAID.<\/p>\n<p>Esta plataforma est\u00e1 alojada en <a href=\"http:\/\/www.forovirtualsfp.com\/\" target=\"_blank\">www.forovirtualsfp.com<\/a> donde se cuenta con la transmisi\u00f3n de la radio on-line. Para participar del Foro, los interesados deben solicitar su inclusi\u00f3n a <a href=\"mailto:foroconsultivo@sfp.gov.py\">foroconsultivo@sfp.gov.py<\/a>, <a href=\"mailto:serviciocivil@geam.org.py\">serviciocivil@geam.org.py<\/a> o a trav\u00e9s del perfil en Facebook: FORO VIRTUAL \u2013 SFP.<\/p>\n<p>Para mayor informaci\u00f3n: \u00c1rea de Comunicaci\u00f3n &#8211; Tel.: 281 273 int. 125 &#8211; 0991804078 \/ 0982361234 &#8211; <a href=\"http:\/\/www.geam.org.py\/v3\/cgp\/iniciativas\/fortalecimiento-de-la-red-paraguaya-de-evaluacion-repae\/\">www.geam.org.py<\/a> &#8211; <a href=\"mailto:comunicacion@geam.org.py\">comunicacion@geam.org.py<\/a> &#8211; Facebook: <a href=\"http:\/\/www.facebook.com\/pages\/geAm-Gestion-Ambiental\/112535915452254\" target=\"_blank\">geAm \u2013 Gesti\u00f3nAmbiental<\/a> &#8211; Twitter: <a href=\"http:\/\/twitter.com\/#!\/GEAM_PY\" target=\"_blank\">@geAm_py<\/a><\/p>\n","protected":false},"excerpt":{"rendered":"<p>La radio on-line del Foro Virtual Consultivo sobre Pol\u00edticas de la Funci\u00f3n P\u00fablica www.forovirtualsfp.com transmitir\u00e1 las alternativas el XVI Congreso Internacional del CLAD sobre la Reforma del Estado y de la Administraci\u00f3n P\u00fablica, organizado por la Secretar\u00eda de la Funci\u00f3n P\u00fablica (SFP), del 8 al 11 de noviembre, en el Hotel Sheraton. Atendiendo el extenso [&hellip;]<\/p>\n","protected":false},"author":4,"featured_media":0,"comment_status":"open","ping_status":"open","sticky":false,"template":"","format":"standard","meta":[],"categories":[3],"tags":[],"_links":{"self":[{"href":"https:\/\/www.geam.org.py\/v3\/wp-json\/wp\/v2\/posts\/504"}],"collection":[{"href":"https:\/\/www.geam.org.py\/v3\/wp-json\/wp\/v2\/posts"}],"about":[{"href":"https:\/\/www.geam.org.py\/v3\/wp-json\/wp\/v2\/types\/post"}],"author":[{"embeddable":true,"href":"https:\/\/www.geam.org.py\/v3\/wp-json\/wp\/v2\/users\/4"}],"replies":[{"embeddable":true,"href":"https:\/\/www.geam.org.py\/v3\/wp-json\/wp\/v2\/comments?post=504"}],"version-history":[{"count":0,"href":"https:\/\/www.geam.org.py\/v3\/wp-json\/wp\/v2\/posts\/504\/revisions"}],"wp:attachment":[{"href":"https:\/\/www.geam.org.py\/v3\/wp-json\/wp\/v2\/media?parent=504"}],"wp:term":[{"taxonomy":"category","embeddable":true,"href":"https:\/\/www.geam.org.py\/v3\/wp-json\/wp\/v2\/categories?post=504"},{"taxonomy":"post_tag","embeddable":true,"href":"https:\/\/www.geam.org.py\/v3\/wp-json\/wp\/v2\/tags?post=504"}],"curies":[{"name":"wp","href":"https:\/\/api.w.org\/{rel}","templated":true}]}}