{"id":308,"date":"2011-09-14T14:34:10","date_gmt":"2011-09-14T14:34:10","guid":{"rendered":"http:\/\/www.geam.org.py\/v3\/cgp\/?p=174"},"modified":"2011-09-14T14:34:10","modified_gmt":"2011-09-14T14:34:10","slug":"promueven-la-evaluacion-de-unidades-de-gestion-de-la-comunicacion-en-instituciones-del-estado-2","status":"publish","type":"post","link":"https:\/\/www.geam.org.py\/v3\/blog\/promueven-la-evaluacion-de-unidades-de-gestion-de-la-comunicacion-en-instituciones-del-estado-2\/","title":{"rendered":"Promueven la evaluaci\u00f3n de unidades de gesti\u00f3n de la comunicaci\u00f3n en instituciones del Estado"},"content":{"rendered":"<p><a rel=\"attachment wp-att-175\" href=\"http:\/\/www.geam.org.py\/v3\/cgp\/2011\/09\/14\/promueven-la-evaluacion-de-unidades-de-gestion-de-la-comunicacion-en-instituciones-del-estado\/seleccionadas-1\/\"><img decoding=\"async\" loading=\"lazy\" class=\"alignright size-large wp-image-175\" src=\"http:\/\/www.geam.org.py\/v3\/cgp\/files\/2011\/12\/Seleccionadas-1-600x313.jpg\" alt=\"\" width=\"320\" height=\"167\" \/><\/a>Con el objetivo de impulsar un proceso de revisi\u00f3n y evaluaci\u00f3n de las unidades de gesti\u00f3n de la comunicaci\u00f3n del Poder Ejecutivo, la Secretar\u00eda de la Funci\u00f3n P\u00fablica (SFP) y la Secretar\u00eda de Informaci\u00f3n y Comunicaci\u00f3n para el Desarrollo (SICOM) firmaron un convenio interinstitucional. Esta iniciativa cuenta con la cooperaci\u00f3n triangular SFP\/PNUD\/geAm.<!--more--><\/p>\n<p>La firma del acuerdo se realiz\u00f3 el jueves primero de setiembre y estuvo a cargo de Lilian Soto, ministra de la SFP; y Augusto Dos Santos, ministro de la SICOM; ante la presencia de los integrantes del Equipo de Comunicadores del Estado (ECOE).<\/p>\n<p><a rel=\"attachment wp-att-176\" href=\"http:\/\/www.geam.org.py\/v3\/cgp\/2011\/09\/14\/promueven-la-evaluacion-de-unidades-de-gestion-de-la-comunicacion-en-instituciones-del-estado\/seleccionadas-3\/\"><img decoding=\"async\" loading=\"lazy\" class=\"alignleft size-full wp-image-176\" src=\"http:\/\/www.geam.org.py\/v3\/cgp\/files\/2011\/12\/Seleccionadas-3.jpg\" alt=\"\" width=\"320\" height=\"365\" \/><\/a>En la ocasi\u00f3n, la ministra Soto resalt\u00f3 que la SFP firm\u00f3 el documento en base a su competencia de profesionalizar el sector p\u00fablico. \u201cPara este proceso de profesionalizaci\u00f3n es necesario definir con claridad las funciones de las \u00e1reas y su ubicaci\u00f3n dentro del organigrama de las instituciones y, a partir de all\u00ed, los perfiles de las personas que deben estar desempe\u00f1\u00e1ndose en esos espacios\u201d, dijo.<\/p>\n<p>Dentro de este marco de acciones se realizar\u00e1 una investigaci\u00f3n sobre el funcionamiento de las \u00e1reas de comunicaci\u00f3n, en instituciones p\u00fablicas seleccionadas. El resultado de este proceso ser\u00e1 la presentaci\u00f3n de una propuesta articulada ante las instancias correspondientes.<\/p>\n<p>Para el efecto, tanto la SFP como la SICOM se comprometen a impulsar y garantizar la participaci\u00f3n activa del ECOE en las acciones a ser desarrolladas en el marco del convenio.<\/p>\n<p>\u201cEl \u00e1rea de comunicaci\u00f3n tiene una de las funciones fundamentales, cual es el cambio de paradigma en la funci\u00f3n p\u00fablica, que se refiere a todo lo que hace a la comunicaci\u00f3n intrainstitucional, interinstitucional y hacia la ciudadan\u00eda\u201d, subray\u00f3 la ministra, al tiempo de resaltar adem\u00e1s el acompa\u00f1amiento de geAm, por medio del Proyecto \u201cPromoci\u00f3n del Servicio Civil\u201d, del Programa de Democracia &#8220;Calidad en la Gesti\u00f3n P\u00fablica&#8221;, con el apoyo de USAID.<\/p>\n<p><a rel=\"attachment wp-att-177\" href=\"http:\/\/www.geam.org.py\/v3\/cgp\/2011\/09\/14\/promueven-la-evaluacion-de-unidades-de-gestion-de-la-comunicacion-en-instituciones-del-estado\/seleccionadas\/\"><img decoding=\"async\" loading=\"lazy\" class=\"alignright size-full wp-image-177\" src=\"http:\/\/www.geam.org.py\/v3\/cgp\/files\/2011\/12\/Seleccionadas.jpg\" alt=\"\" width=\"320\" height=\"364\" \/><\/a>Por su parte, el ministro Dos Santos record\u00f3 que con la creaci\u00f3n de la SICOM en 2008 se empez\u00f3 a hablar de pol\u00edticas p\u00fablicas de comunicaci\u00f3n en nuestro pa\u00eds. \u201cLa historia de la comunicaci\u00f3n desde el Estado, desde los gobiernos, ha sido siempre con mirada privilegiada de poder hacia las autoridades, una suerte de guardaespaldas medi\u00e1ticos de los ministros y de los presidentes, pero no de un puente fluido con la ciudadan\u00eda. Ese es un proceso que queremos inaugurar a trav\u00e9s de este proyecto de pol\u00edticas p\u00fablicas de comunicaci\u00f3n\u201d, indic\u00f3.<\/p>\n<p>Cabe recordar que la SICOM fue creada como instituci\u00f3n rectora, normativa y estrat\u00e9gica de la pol\u00edtica de comunicaci\u00f3n e informaci\u00f3n social del Gobierno Nacional, cuya misi\u00f3n es desplegar estrategias que vinculen al Estado y la comunidad, promoviendo el di\u00e1logo social, el desarrollo e incentivando la gesti\u00f3n comunicacional participativa y transparente.<\/p>\n<p><strong>Para mayor informaci\u00f3n: <\/strong>\u00c1rea de Comunicaci\u00f3n &#8211; Tel.: 281 273 int. 125 &#8211; 0991804078 \/ 0982361234 &#8211; <a href=\"..\/..\/..\/\">www.geam.org.py<\/a> &#8211; comunicacion@geam.org.py &#8211; Facebook: <a href=\"http:\/\/www.facebook.com\/pages\/geAm-Gestion-Ambiental\/112535915452254\">geAm \u2013 Gesti\u00f3nAmbiental<\/a> &#8211; Twitter: <a href=\"http:\/\/twitter.com\/#%21\/GEAM_PY\">@geAm_py<\/a><\/p>\n","protected":false},"excerpt":{"rendered":"<p>Con el objetivo de impulsar un proceso de revisi\u00f3n y evaluaci\u00f3n de las unidades de gesti\u00f3n de la comunicaci\u00f3n del Poder Ejecutivo, la Secretar\u00eda de la Funci\u00f3n P\u00fablica (SFP) y la Secretar\u00eda de Informaci\u00f3n y Comunicaci\u00f3n para el Desarrollo (SICOM) firmaron un convenio interinstitucional. Esta iniciativa cuenta con la cooperaci\u00f3n triangular SFP\/PNUD\/geAm.<\/p>\n","protected":false},"author":4,"featured_media":175,"comment_status":"open","ping_status":"open","sticky":false,"template":"","format":"standard","meta":[],"categories":[1],"tags":[44,48,49,50],"_links":{"self":[{"href":"https:\/\/www.geam.org.py\/v3\/wp-json\/wp\/v2\/posts\/308"}],"collection":[{"href":"https:\/\/www.geam.org.py\/v3\/wp-json\/wp\/v2\/posts"}],"about":[{"href":"https:\/\/www.geam.org.py\/v3\/wp-json\/wp\/v2\/types\/post"}],"author":[{"embeddable":true,"href":"https:\/\/www.geam.org.py\/v3\/wp-json\/wp\/v2\/users\/4"}],"replies":[{"embeddable":true,"href":"https:\/\/www.geam.org.py\/v3\/wp-json\/wp\/v2\/comments?post=308"}],"version-history":[{"count":0,"href":"https:\/\/www.geam.org.py\/v3\/wp-json\/wp\/v2\/posts\/308\/revisions"}],"wp:featuredmedia":[{"embeddable":true,"href":"https:\/\/www.geam.org.py\/v3\/wp-json\/wp\/v2\/posts\/175"}],"wp:attachment":[{"href":"https:\/\/www.geam.org.py\/v3\/wp-json\/wp\/v2\/media?parent=308"}],"wp:term":[{"taxonomy":"category","embeddable":true,"href":"https:\/\/www.geam.org.py\/v3\/wp-json\/wp\/v2\/categories?post=308"},{"taxonomy":"post_tag","embeddable":true,"href":"https:\/\/www.geam.org.py\/v3\/wp-json\/wp\/v2\/tags?post=308"}],"curies":[{"name":"wp","href":"https:\/\/api.w.org\/{rel}","templated":true}]}}