{"id":300,"date":"2011-07-25T15:54:20","date_gmt":"2011-07-25T15:54:20","guid":{"rendered":"http:\/\/www.geam.org.py\/v3\/cgp\/?p=182"},"modified":"2011-07-25T15:54:20","modified_gmt":"2011-07-25T15:54:20","slug":"experto-resalta-el-poder-de-la-comunicacion-en-la-gestion-institucional","status":"publish","type":"post","link":"https:\/\/www.geam.org.py\/v3\/blog\/experto-resalta-el-poder-de-la-comunicacion-en-la-gestion-institucional\/","title":{"rendered":"Experto resalta el poder de la comunicaci\u00f3n en la gesti\u00f3n institucional"},"content":{"rendered":"<p><a rel=\"attachment wp-att-183\" href=\"http:\/\/www.geam.org.py\/v3\/cgp\/2011\/07\/25\/experto-resalta-el-poder-de-la-comunicacion-en-la-gestion-institucional\/para-web-5\/\"><img decoding=\"async\" loading=\"lazy\" class=\"alignleft size-large wp-image-183\" src=\"http:\/\/www.geam.org.py\/v3\/cgp\/files\/2011\/12\/para-web7-600x459.jpg\" alt=\"\" width=\"320\" height=\"244\" \/><\/a>La importancia de la comunicaci\u00f3n institucional en el quehacer de las organizaciones p\u00fablicas y privadas fue el tema de la exposici\u00f3n brindada por el psic\u00f3logo social chileno, Pedro Canales, el pasado martes 19 de julio. El evento fue organizado por la Red Paraguaya de Evaluaci\u00f3n (REPAE), en el marco de sus actividades de promoci\u00f3n de la capacitaci\u00f3n.  <!--more--><\/p>\n<p>&#8220;El poder de la Comunicaci\u00f3n Institucional&#8221; &#8211; Fuerzas y Debilidades, se titul\u00f3 la ponencia brindada por Canales, quien inici\u00f3 su presentaci\u00f3n con un recorrido sobre las bases de la comunicaci\u00f3n interpersonal, apuntando que \u201ctodo acto humano es un acto de comunicaci\u00f3n; si uno asume esto, empieza a entender muchas cosas\u201d.<\/p>\n<p>El experto resalt\u00f3 que en dicho \u00e1mbito un aspecto de suma importancia en la actualidad es la credibilidad, porque \u2013seg\u00fan reflexion\u00f3- muchas veces en las comunicaciones institucionales se busca persuadir con falsedades, en cualquier instancia o instituci\u00f3n.<\/p>\n<p>\u201cTodos los seres humanos en alg\u00fan momento de nuestra historia hemos mentido y lo hemos hecho para salir de alg\u00fan transe, para conseguir algo, etc. Depende a la habilidad de convicci\u00f3n uno tenga para que esa mentira haya sido operante\u201d, dijo al tiempo de se\u00f1alar que ante todo, decir la verdad es la clave.<\/p>\n<p>En este sentido, Canales indic\u00f3 que la postura, el gesto, son como palabras no habladas que comunican algo y que las instituciones tambi\u00e9n tienen una conducta, un comportamiento, \u201cimportan donde est\u00e1n, qu\u00e9 hacen\u201d.<\/p>\n<p>Cabe recordar que la presencia del experto chileno fue posible en el marco de la iniciativa de capacitaci\u00f3n que la REPAE brinda a sus socios e interesados en la tem\u00e1tica. Esta red es una organizaci\u00f3n civil, sin fines de lucro, fundada por un grupo de profesionales avocados a fomentar la cultura y pr\u00e1ctica del seguimiento, evaluaci\u00f3n y sistematizaci\u00f3n.<\/p>\n<p>La REPAE surgi\u00f3 a finales del a\u00f1o 2010, en el marco del Primer Curso Modular de Evaluaci\u00f3n de Programas Sociales, promovido por el Ministerio de Hacienda,  con el apoyo de Gesti\u00f3n Ambiental (geAm) y la Agencia de los Estados Unidos para el Desarrollo Internacional (USAID), dentro del Proyecto \u201cEvaluamos para Mejorar\u201d del Programa de Democracia \u201cCalidad en la Gesti\u00f3n P\u00fablica\u201d.<\/p>\n<h3>Trayectoria del expositor<\/h3>\n<p>Pedro Canales cuenta con m\u00e1s de 25 a\u00f1os de trayectoria en Proyectos de Desarrollo Organizacional y Social, abocado a direcci\u00f3n, dise\u00f1o y estudios de programas educativos, sociales y comunicacionales. En nuestro pa\u00eds realiz\u00f3 consultor\u00edas para la implementaci\u00f3n de programas sociales del gobierno y organizaciones no gubernamentales.<\/p>\n","protected":false},"excerpt":{"rendered":"<p>La importancia de la comunicaci\u00f3n institucional en el quehacer de las organizaciones p\u00fablicas y privadas fue el tema de la exposici\u00f3n brindada por el psic\u00f3logo social chileno, Pedro Canales, el pasado martes 19 de julio. El evento fue organizado por la Red Paraguaya de Evaluaci\u00f3n (REPAE), en el marco de sus actividades de promoci\u00f3n de [&hellip;]<\/p>\n","protected":false},"author":4,"featured_media":183,"comment_status":"open","ping_status":"open","sticky":false,"template":"","format":"standard","meta":[],"categories":[1],"tags":[42,43,46],"_links":{"self":[{"href":"https:\/\/www.geam.org.py\/v3\/wp-json\/wp\/v2\/posts\/300"}],"collection":[{"href":"https:\/\/www.geam.org.py\/v3\/wp-json\/wp\/v2\/posts"}],"about":[{"href":"https:\/\/www.geam.org.py\/v3\/wp-json\/wp\/v2\/types\/post"}],"author":[{"embeddable":true,"href":"https:\/\/www.geam.org.py\/v3\/wp-json\/wp\/v2\/users\/4"}],"replies":[{"embeddable":true,"href":"https:\/\/www.geam.org.py\/v3\/wp-json\/wp\/v2\/comments?post=300"}],"version-history":[{"count":0,"href":"https:\/\/www.geam.org.py\/v3\/wp-json\/wp\/v2\/posts\/300\/revisions"}],"wp:featuredmedia":[{"embeddable":true,"href":"https:\/\/www.geam.org.py\/v3\/wp-json\/wp\/v2\/posts\/183"}],"wp:attachment":[{"href":"https:\/\/www.geam.org.py\/v3\/wp-json\/wp\/v2\/media?parent=300"}],"wp:term":[{"taxonomy":"category","embeddable":true,"href":"https:\/\/www.geam.org.py\/v3\/wp-json\/wp\/v2\/categories?post=300"},{"taxonomy":"post_tag","embeddable":true,"href":"https:\/\/www.geam.org.py\/v3\/wp-json\/wp\/v2\/tags?post=300"}],"curies":[{"name":"wp","href":"https:\/\/api.w.org\/{rel}","templated":true}]}}