{"id":284,"date":"2011-04-27T15:07:37","date_gmt":"2011-04-27T15:07:37","guid":{"rendered":"http:\/\/www.geam.org.py\/v3\/cgp\/?p=118"},"modified":"2011-04-27T15:07:37","modified_gmt":"2011-04-27T15:07:37","slug":"se-presento-manual-para-la-administracion-de-la-capacitacion-en-las-entidades-publicas","status":"publish","type":"post","link":"https:\/\/www.geam.org.py\/v3\/blog\/se-presento-manual-para-la-administracion-de-la-capacitacion-en-las-entidades-publicas\/","title":{"rendered":"Se present\u00f3 Manual para la Administraci\u00f3n de la Capacitaci\u00f3n en las Entidades P\u00fablicas"},"content":{"rendered":"<p>El pasado jueves 14 de abril se llev\u00f3 a cabo la presentaci\u00f3n del \u201cManual para la administraci\u00f3n de la capacitaci\u00f3n en las entidades p\u00fablicas\u201d con \u00e9nfasis en el Instrumento de Detecci\u00f3n de Necesidades y Plan de Capacitaci\u00f3n. La misma se realiz\u00f3 en el local de la Asociaci\u00f3n de Diplom\u00e1ticos Escalafonados del Paraguay (ADEP).<!--more--><\/p>\n<p>La presentaci\u00f3n fue dirigida a responsables del \u00e1rea de Gesti\u00f3n de Personas de las entidades p\u00fablicas y estuvo a cargo de Jorge Hintze, Director del Centro de Desarrollo y Asistencia T\u00e9cnica en Tecnolog\u00eda para la Organizaci\u00f3n P\u00fablica TOP.<\/p>\n<p>TOP  es la instituci\u00f3n responsable del dise\u00f1o t\u00e9cnico de las nuevas pol\u00edticas de la SFP, entre ellas la de Capacitaci\u00f3n. En el marco del objetivo principal de la SFP, de Desarrollar pol\u00edticas de Formaci\u00f3n y Capacitaci\u00f3n dirigida a la profesionalizaci\u00f3n de la Funci\u00f3n p\u00fablica para servicios de calidad y sin discriminaci\u00f3n.<\/p>\n\n","protected":false},"excerpt":{"rendered":"<p>El pasado jueves 14 de abril se llev\u00f3 a cabo la presentaci\u00f3n del \u201cManual para la administraci\u00f3n de la capacitaci\u00f3n en las entidades p\u00fablicas\u201d con \u00e9nfasis en el Instrumento de Detecci\u00f3n de Necesidades y Plan de Capacitaci\u00f3n. La misma se realiz\u00f3 en el local de la Asociaci\u00f3n de Diplom\u00e1ticos Escalafonados del Paraguay (ADEP).<\/p>\n","protected":false},"author":4,"featured_media":0,"comment_status":"open","ping_status":"open","sticky":false,"template":"","format":"standard","meta":[],"categories":[1],"tags":[44,48,49,50],"_links":{"self":[{"href":"https:\/\/www.geam.org.py\/v3\/wp-json\/wp\/v2\/posts\/284"}],"collection":[{"href":"https:\/\/www.geam.org.py\/v3\/wp-json\/wp\/v2\/posts"}],"about":[{"href":"https:\/\/www.geam.org.py\/v3\/wp-json\/wp\/v2\/types\/post"}],"author":[{"embeddable":true,"href":"https:\/\/www.geam.org.py\/v3\/wp-json\/wp\/v2\/users\/4"}],"replies":[{"embeddable":true,"href":"https:\/\/www.geam.org.py\/v3\/wp-json\/wp\/v2\/comments?post=284"}],"version-history":[{"count":0,"href":"https:\/\/www.geam.org.py\/v3\/wp-json\/wp\/v2\/posts\/284\/revisions"}],"wp:attachment":[{"href":"https:\/\/www.geam.org.py\/v3\/wp-json\/wp\/v2\/media?parent=284"}],"wp:term":[{"taxonomy":"category","embeddable":true,"href":"https:\/\/www.geam.org.py\/v3\/wp-json\/wp\/v2\/categories?post=284"},{"taxonomy":"post_tag","embeddable":true,"href":"https:\/\/www.geam.org.py\/v3\/wp-json\/wp\/v2\/tags?post=284"}],"curies":[{"name":"wp","href":"https:\/\/api.w.org\/{rel}","templated":true}]}}