{"id":282,"date":"2011-04-13T14:37:58","date_gmt":"2011-04-13T14:37:58","guid":{"rendered":"http:\/\/www.geam.org.py\/v3\/cgp\/?p=110"},"modified":"2011-04-13T14:37:58","modified_gmt":"2011-04-13T14:37:58","slug":"geam-participa-en-programa-%e2%80%9cformacion-de-formadores-de-gestion-publica%e2%80%9d-de-la-sfp","status":"publish","type":"post","link":"https:\/\/www.geam.org.py\/v3\/blog\/geam-participa-en-programa-%e2%80%9cformacion-de-formadores-de-gestion-publica%e2%80%9d-de-la-sfp\/","title":{"rendered":"geAm participa en Programa \u201cFormaci\u00f3n de Formadores de Gesti\u00f3n P\u00fablica\u201d de la SFP"},"content":{"rendered":"<p><a rel=\"attachment wp-att-112\" href=\"http:\/\/www.geam.org.py\/v3\/cgp\/2011\/04\/13\/geam-participa-en-programa-%e2%80%9cformacion-de-formadores-de-gestion-publica%e2%80%9d-de-la-sfp\/para-web3\/\"><img decoding=\"async\" loading=\"lazy\" class=\"alignright size-full wp-image-112\" src=\"http:\/\/www.geam.org.py\/v3\/cgp\/files\/2011\/12\/para-web3.jpg\" alt=\"\" width=\"320\" height=\"188\" \/><\/a>El Programa \u201cFormaci\u00f3n de Formadores de Gesti\u00f3n P\u00fablica del Paraguay\u201d, impulsado por la Secretar\u00eda de la Funci\u00f3n P\u00fablica, con el apoyo del Centro de Sistemas P\u00fablicos del Departamento de Ingenier\u00eda Industrial de la Universidad de Chile, inici\u00f3 el pasado 14 de marzo, en la sede de la Universidad Americana. Del mismo estar\u00e1n participando 40 servidores p\u00fablicos, pertenecientes a los 3 poderes del Estado, que fueron seleccionados luego de un proceso de evaluaci\u00f3n de postulantes.<!--more--><\/p>\n<p>Este programa de formaci\u00f3n permitir\u00e1 a los participantes desarrollar y fortalecer una gesti\u00f3n p\u00fablica transformadora y al mismo tiempo, propiciar la formaci\u00f3n de otros funcionarios y funcionarias, mejorando as\u00ed procesos espec\u00edficos vinculados a la planificaci\u00f3n estrat\u00e9gica y gesti\u00f3n por resultados, formulaci\u00f3n, gesti\u00f3n y evaluaci\u00f3n de proyectos, gesti\u00f3n y desarrollo de las personas, atenci\u00f3n ciudadana y gesti\u00f3n de servicios.<\/p>\n<p>En el marco de este Programa de \u201cFormaci\u00f3n de Formadores de Gesti\u00f3n P\u00fablica del Paraguay\u201d, el d\u00eda lunes 11 de abril geAm particip\u00f3 del M\u00f3dulo 2: Realidad de la Gesti\u00f3n y Desarrollo de Personas en el sector p\u00fablico en Paraguay, desarrollando el tema \u201c\u00cdndice de Gesti\u00f3n de Personas: marco te\u00f3rico, subsistemas, indicadores, objetivo y principales resultados\u201d. La exposici\u00f3n de este tema estuvo a cargo de Carmen Romero y Mercedes Arga\u00f1a.<\/p>\n<p>El Programa tendr\u00e1 una duraci\u00f3n de dos meses, entre marzo y abril del 2011, durante el cual se centrar\u00e1 en los siguientes ejes tem\u00e1ticos:<\/p>\n<ol>\n<li> Gesti\u00f3n y desarrollo de las personas en el sector p\u00fablico;<\/li>\n<li>Formulaci\u00f3n, gesti\u00f3n y evaluaci\u00f3n de proyectos;<\/li>\n<li>Planificaci\u00f3n estrat\u00e9gica y gesti\u00f3n por resultados; y<\/li>\n<li>Atenci\u00f3n ciudadana y gesti\u00f3n de servicios p\u00fablicos.<\/li>\n<\/ol>\n<p><a rel=\"attachment wp-att-111\" href=\"http:\/\/www.geam.org.py\/v3\/cgp\/2011\/04\/13\/geam-participa-en-programa-%e2%80%9cformacion-de-formadores-de-gestion-publica%e2%80%9d-de-la-sfp\/para-web2\/\"><img decoding=\"async\" loading=\"lazy\" class=\"alignleft size-full wp-image-111\" src=\"http:\/\/www.geam.org.py\/v3\/cgp\/files\/2011\/12\/para-web2.jpg\" alt=\"\" width=\"262\" height=\"188\" \/><\/a>Luego del proceso de formaci\u00f3n, los participantes deber\u00e1n realizar una fase pr\u00e1ctica, consistente en el desarrollo de r\u00e9plicas de formaci\u00f3n con otros servidores p\u00fablicos, de manera a multiplicar y diseminar las herramientas aprendidas.<\/p>\n<p>El Programa \u201cFormaci\u00f3n de Formadores de Gesti\u00f3n P\u00fablica del Paraguay\u201d se desarrolla en el marco de la Cooperaci\u00f3n T\u00e9cnica Triangular entre la Agencia de Cooperaci\u00f3n Internacional de Chile, la Agencia Espa\u00f1ola de Cooperaci\u00f3n Internacional para el Desarrollo y la asistencia t\u00e9cnica de la Direcci\u00f3n Nacional del Servicio Civil de Chile.<\/p>\n<p>En este proceso, geAm forma parte activa, teniendo en cuenta uno de los objetivos del Proyecto \u201cPromoci\u00f3n del Servicio Civil\u201d, ejecutado en el marco del programa de cooperaci\u00f3n t\u00e9cnica SFP\/geAm-USAID, que es la difusi\u00f3n e implementaci\u00f3n de las nuevas pol\u00edticas de gesti\u00f3n promovidas por la SFP, apoyando el fortalecimiento institucional de dicha instituci\u00f3n.<\/p>\n","protected":false},"excerpt":{"rendered":"<p>El Programa \u201cFormaci\u00f3n de Formadores de Gesti\u00f3n P\u00fablica del Paraguay\u201d, impulsado por la Secretar\u00eda de la Funci\u00f3n P\u00fablica, con el apoyo del Centro de Sistemas P\u00fablicos del Departamento de Ingenier\u00eda Industrial de la Universidad de Chile, inici\u00f3 el pasado 14 de marzo, en la sede de la Universidad Americana. Del mismo estar\u00e1n participando 40 servidores [&hellip;]<\/p>\n","protected":false},"author":4,"featured_media":112,"comment_status":"open","ping_status":"open","sticky":false,"template":"","format":"standard","meta":[],"categories":[1],"tags":[44,48,49,50],"_links":{"self":[{"href":"https:\/\/www.geam.org.py\/v3\/wp-json\/wp\/v2\/posts\/282"}],"collection":[{"href":"https:\/\/www.geam.org.py\/v3\/wp-json\/wp\/v2\/posts"}],"about":[{"href":"https:\/\/www.geam.org.py\/v3\/wp-json\/wp\/v2\/types\/post"}],"author":[{"embeddable":true,"href":"https:\/\/www.geam.org.py\/v3\/wp-json\/wp\/v2\/users\/4"}],"replies":[{"embeddable":true,"href":"https:\/\/www.geam.org.py\/v3\/wp-json\/wp\/v2\/comments?post=282"}],"version-history":[{"count":0,"href":"https:\/\/www.geam.org.py\/v3\/wp-json\/wp\/v2\/posts\/282\/revisions"}],"wp:featuredmedia":[{"embeddable":true,"href":"https:\/\/www.geam.org.py\/v3\/wp-json\/wp\/v2\/posts\/112"}],"wp:attachment":[{"href":"https:\/\/www.geam.org.py\/v3\/wp-json\/wp\/v2\/media?parent=282"}],"wp:term":[{"taxonomy":"category","embeddable":true,"href":"https:\/\/www.geam.org.py\/v3\/wp-json\/wp\/v2\/categories?post=282"},{"taxonomy":"post_tag","embeddable":true,"href":"https:\/\/www.geam.org.py\/v3\/wp-json\/wp\/v2\/tags?post=282"}],"curies":[{"name":"wp","href":"https:\/\/api.w.org\/{rel}","templated":true}]}}