{"id":173,"date":"2011-11-25T15:53:14","date_gmt":"2011-11-25T15:53:14","guid":{"rendered":"http:\/\/www.geam.org.py\/v3\/?p=173"},"modified":"2024-08-13T11:15:51","modified_gmt":"2024-08-13T15:15:51","slug":"plan-de-ordenamiento-territorial-y-ambiental-de-aregua","status":"publish","type":"post","link":"https:\/\/www.geam.org.py\/v3\/blog\/plan-de-ordenamiento-territorial-y-ambiental-de-aregua\/","title":{"rendered":"PLAN DE ORDENAMIENTO TERRITORIAL Y AMBIENTAL DE AREGU\u00c1. (POTA Aregu\u00e1)"},"content":{"rendered":"\n<p><strong>ANTECEDENTES<\/strong><\/p>\n\n\n\n<p>En los \u00faltimos a\u00f1os, la expansi\u00f3n del \u00e1rea metropolitana de Asunci\u00f3n absorbi\u00f3 al municipio de Aregu\u00e1 y gener\u00f3 loteamientos por todo su territorio. Este crecimiento urbano disperso, indiscriminado y especulativo (lotes vac\u00edos en su mayor\u00eda) estaban amenazando las tierras f\u00e9rtiles y productivas, as\u00ed como los recursos naturales.<\/p>\n\n\n\n<p>Alter Vida, preocupada sobre todo por los humedales del Yukyry y los bosques a\u00fan remanentes en pendientes pronunciadas (considerados ecosistemas fr\u00e1giles de la cuenca del lago Ypacara\u00ed) ofreci\u00f3 la asistencia t\u00e9cnica a la municipalidad para permitir al mismo tiempo completar la protecci\u00f3n del Lago a trav\u00e9s del ordenamiento de uso del suelo. Al inter\u00e9s de Alter Vida por la gesti\u00f3n ambiental de la cuenca del lago, se sum\u00f3 el inter\u00e9s municipal para un ordenamiento urbano que le posibilitara ofrecer servicios m\u00e1s eficientes a sus ciudadanos.<\/p>\n\n\n\n<p>Por otro lado, Aregu\u00e1, como capital departamental, ofreci\u00f3 una oportunidad para potenciar su desarrollo. Por ello la Gobernaci\u00f3n del Departamento Central, la Municipalidad de Aregu\u00e1 y Alter Vida decidieron encarar de manera conjunta el Plan de Ordenamiento Territorial y Ambiental del municipio.<\/p>\n\n\n\n<p><strong><a href=\"http:\/\/www.geam.org.py\/v3\/uploads\/2011\/11\/Aregua.pdf\">Ficha de Trabajo<\/a><\/strong><\/p>\n\n\n\n<figure class=\"is-layout-flex wp-block-gallery-1 wp-block-gallery has-nested-images columns-default is-cropped\"><\/figure>\n","protected":false},"excerpt":{"rendered":"<p>ANTECEDENTES En los \u00faltimos a\u00f1os, la expansi\u00f3n del \u00e1rea metropolitana de Asunci\u00f3n absorbi\u00f3 al municipio de Aregu\u00e1 y gener\u00f3 loteamientos por todo su territorio. Este crecimiento urbano disperso, indiscriminado y especulativo (lotes vac\u00edos en su mayor\u00eda) estaban amenazando las tierras f\u00e9rtiles y productivas, as\u00ed como los recursos naturales. Alter Vida, preocupada sobre todo por los [&hellip;]<\/p>\n","protected":false},"author":1,"featured_media":1519,"comment_status":"open","ping_status":"open","sticky":false,"template":"","format":"standard","meta":[],"categories":[26],"tags":[],"_links":{"self":[{"href":"https:\/\/www.geam.org.py\/v3\/wp-json\/wp\/v2\/posts\/173"}],"collection":[{"href":"https:\/\/www.geam.org.py\/v3\/wp-json\/wp\/v2\/posts"}],"about":[{"href":"https:\/\/www.geam.org.py\/v3\/wp-json\/wp\/v2\/types\/post"}],"author":[{"embeddable":true,"href":"https:\/\/www.geam.org.py\/v3\/wp-json\/wp\/v2\/users\/1"}],"replies":[{"embeddable":true,"href":"https:\/\/www.geam.org.py\/v3\/wp-json\/wp\/v2\/comments?post=173"}],"version-history":[{"count":1,"href":"https:\/\/www.geam.org.py\/v3\/wp-json\/wp\/v2\/posts\/173\/revisions"}],"predecessor-version":[{"id":2780,"href":"https:\/\/www.geam.org.py\/v3\/wp-json\/wp\/v2\/posts\/173\/revisions\/2780"}],"wp:featuredmedia":[{"embeddable":true,"href":"https:\/\/www.geam.org.py\/v3\/wp-json\/wp\/v2\/media\/1519"}],"wp:attachment":[{"href":"https:\/\/www.geam.org.py\/v3\/wp-json\/wp\/v2\/media?parent=173"}],"wp:term":[{"taxonomy":"category","embeddable":true,"href":"https:\/\/www.geam.org.py\/v3\/wp-json\/wp\/v2\/categories?post=173"},{"taxonomy":"post_tag","embeddable":true,"href":"https:\/\/www.geam.org.py\/v3\/wp-json\/wp\/v2\/tags?post=173"}],"curies":[{"name":"wp","href":"https:\/\/api.w.org\/{rel}","templated":true}]}}