{"id":1533,"date":"2013-09-24T12:53:27","date_gmt":"2013-09-24T12:53:27","guid":{"rendered":"http:\/\/www.geam.org.py\/v3\/?p=1533"},"modified":"2013-09-24T12:53:27","modified_gmt":"2013-09-24T12:53:27","slug":"enep-socializa-con-senadores-propuesta-de-creacion-del-consejo-de-desarrollo-economico-y-social","status":"publish","type":"post","link":"https:\/\/www.geam.org.py\/v3\/blog\/enep-socializa-con-senadores-propuesta-de-creacion-del-consejo-de-desarrollo-economico-y-social\/","title":{"rendered":"ENEP socializa con senadores propuesta de creaci\u00f3n del Consejo de Desarrollo Econ\u00f3mico y Social"},"content":{"rendered":"<p style=\"text-align: center;\"><a href=\"http:\/\/www.geam.org.py\/v3\/uploads\/2013\/09\/ENEPAmarilla.jpg\"><img decoding=\"async\" loading=\"lazy\" class=\"aligncenter size-medium wp-image-1534\" title=\"ENEPAmarilla\" src=\"http:\/\/www.geam.org.py\/v3\/uploads\/2013\/09\/ENEPAmarilla-445x333.jpg\" alt=\"\" width=\"445\" height=\"333\" srcset=\"https:\/\/www.geam.org.py\/v3\/uploads\/2013\/09\/ENEPAmarilla-445x333.jpg 445w, https:\/\/www.geam.org.py\/v3\/uploads\/2013\/09\/ENEPAmarilla.jpg 640w\" sizes=\"(max-width: 445px) 100vw, 445px\" \/><\/a><\/p>\n<p>Miembros del <a href=\"http:\/\/enep.org.py\/\">Equipo Nacional Estrategia Pa\u00eds (ENEP)<\/a> presentaron a los senadores Adolfo Ferreiro y Carlos Amarilla la propuesta de creaci\u00f3n de un Consejo de Desarrollo Econ\u00f3mico y Social, como \u00f3rgano consultivo del Poder Ejecutivo.<\/p>\n<p>\u00c1ngel Gim\u00e9nez y Arsenio Vasconsellos, representantes del sector social y empresarial, acompa\u00f1ados de Luz Dom\u00ednguez, del equipo t\u00e9cnico del <a href=\"http:\/\/enep.org.py\/\">ENEP<\/a>, se reunieron el mi\u00e9rcoles 17 de septiembre con el parlamentario Ferreiro.<\/p>\n<p>En tanto, Adolf Hermann Sauer y Heinrich Dyck Neudorf tambi\u00e9n integrantes del <a href=\"http:\/\/enep.org.py\/\">ENEP<\/a> (social y empresarial), se reunieron con el senador Carlos Amarilla en la ma\u00f1ana del lunes 23.<\/p>\n<p>Ambos senadores se mostraron interesados en la propuesta del<a href=\"http:\/\/enep.org.py\/\"> ENEP<\/a> y destacaron la importancia de este espacio para consensuar propuestas para el Estado Paraguayo, teniendo como objetivo principal la lucha contra la pobreza.<\/p>\n<p>El legislador Carlos Amarilla hizo hincapi\u00e9 en la importancia del di\u00e1logo social multisectorial en temas de inter\u00e9s nacional. Comprometi\u00f3 su apoyo a la propuesta propiciando pr\u00f3ximamente un encuentro informativo con su bancada y el <a href=\"http:\/\/enep.org.py\/\">ENEP<\/a>.<\/p>\n<p>Fuente: <a href=\"http:\/\/enep.org.py\/\">ENEP<\/a><\/p>\n","protected":false},"excerpt":{"rendered":"<p>Miembros del Equipo Nacional Estrategia Pa\u00eds (ENEP) presentaron a los senadores Adolfo Ferreiro y Carlos Amarilla la propuesta de creaci\u00f3n de un Consejo de Desarrollo Econ\u00f3mico y Social, como \u00f3rgano consultivo del Poder Ejecutivo. \u00c1ngel Gim\u00e9nez y Arsenio Vasconsellos, representantes del sector social y empresarial, acompa\u00f1ados de Luz Dom\u00ednguez, del equipo t\u00e9cnico del ENEP, se [&hellip;]<\/p>\n","protected":false},"author":4,"featured_media":1534,"comment_status":"open","ping_status":"open","sticky":false,"template":"","format":"standard","meta":[],"categories":[1],"tags":[41],"_links":{"self":[{"href":"https:\/\/www.geam.org.py\/v3\/wp-json\/wp\/v2\/posts\/1533"}],"collection":[{"href":"https:\/\/www.geam.org.py\/v3\/wp-json\/wp\/v2\/posts"}],"about":[{"href":"https:\/\/www.geam.org.py\/v3\/wp-json\/wp\/v2\/types\/post"}],"author":[{"embeddable":true,"href":"https:\/\/www.geam.org.py\/v3\/wp-json\/wp\/v2\/users\/4"}],"replies":[{"embeddable":true,"href":"https:\/\/www.geam.org.py\/v3\/wp-json\/wp\/v2\/comments?post=1533"}],"version-history":[{"count":0,"href":"https:\/\/www.geam.org.py\/v3\/wp-json\/wp\/v2\/posts\/1533\/revisions"}],"wp:featuredmedia":[{"embeddable":true,"href":"https:\/\/www.geam.org.py\/v3\/wp-json\/wp\/v2\/media\/1534"}],"wp:attachment":[{"href":"https:\/\/www.geam.org.py\/v3\/wp-json\/wp\/v2\/media?parent=1533"}],"wp:term":[{"taxonomy":"category","embeddable":true,"href":"https:\/\/www.geam.org.py\/v3\/wp-json\/wp\/v2\/categories?post=1533"},{"taxonomy":"post_tag","embeddable":true,"href":"https:\/\/www.geam.org.py\/v3\/wp-json\/wp\/v2\/tags?post=1533"}],"curies":[{"name":"wp","href":"https:\/\/api.w.org\/{rel}","templated":true}]}}