{"id":1526,"date":"2013-09-16T14:49:09","date_gmt":"2013-09-16T14:49:09","guid":{"rendered":"http:\/\/www.geam.org.py\/v3\/?p=1526"},"modified":"2013-10-01T14:22:35","modified_gmt":"2013-10-01T14:22:35","slug":"enep-define-agenda-de-actividades-y-resalta-el-dialogo-social-como-clave-para-la-lucha-contra-la-pobreza-en-paraguay","status":"publish","type":"post","link":"https:\/\/www.geam.org.py\/v3\/blog\/enep-define-agenda-de-actividades-y-resalta-el-dialogo-social-como-clave-para-la-lucha-contra-la-pobreza-en-paraguay\/","title":{"rendered":"ENEP define agenda de actividades y resalta el di\u00e1logo social como clave para la lucha contra la pobreza en Paraguay"},"content":{"rendered":"<p style=\"text-align: center;\"><a href=\"http:\/\/www.geam.org.py\/v3\/uploads\/2013\/09\/Copia-de-plenaria-ENEP1.jpg\"><img decoding=\"async\" loading=\"lazy\" class=\"aligncenter size-medium wp-image-1528\" title=\"Copia de plenaria ENEP\" src=\"http:\/\/www.geam.org.py\/v3\/uploads\/2013\/09\/Copia-de-plenaria-ENEP1-445x252.jpg\" alt=\"\" width=\"445\" height=\"252\" srcset=\"https:\/\/www.geam.org.py\/v3\/uploads\/2013\/09\/Copia-de-plenaria-ENEP1-445x252.jpg 445w, https:\/\/www.geam.org.py\/v3\/uploads\/2013\/09\/Copia-de-plenaria-ENEP1.jpg 640w\" sizes=\"(max-width: 445px) 100vw, 445px\" \/><\/a><\/p>\n<p style=\"text-align: center;\">\n<p>Los miembros del Equipo Nacional de Estrategia Pa\u00eds (<a href=\"http:\/\/enep.org.py\/\">ENEP<\/a>) definieron la agenda de septiembre \u2013 octubre, durante la plenaria que se llev\u00f3 a cabo el pasado 7 de septiembre.<\/p>\n<p>La agenda definida incluye reuniones o conversatorios con distintos  actores pol\u00edticos y sociales de manera que los mismos se informen y  conozcan sobre qu\u00e9 es un Consejo de Desarrollo Econ\u00f3mico y Social y las  funciones que podr\u00eda cumplir en Paraguay.<\/p>\n<p>En el marco de las acciones se tienen previstas entrevistas con  legisladores y con el titular de la Secretar\u00eda T\u00e9cnica de Planificaci\u00f3n  (STP), Jos\u00e9 Molinas. M\u00e1s adelante, se prev\u00e9 converstarios con ONGs,  sectores empresariales y otros parlamentarios.<\/p>\n<p><strong>\u00bfQu\u00e9 es un consejo de Desarrollo Econ\u00f3mico y Social?<\/strong><\/p>\n<p>Los consejos de Desarrollo Econ\u00f3mico Social sirven de espacio  consultivo a los poderes p\u00fablicos para que \u00e9stos conozcan el parecer de  los distintos sectores que componen la sociedad, con respecto al  contenido, dise\u00f1o, ejecuci\u00f3n y evaluaci\u00f3n de las pol\u00edticas p\u00fablicas.<\/p>\n<p>El Poder Ejecutivo, a trav\u00e9s de la STP y el Gabinete Civil se encuentran analizando la propuesta de decreto, elaborada por el <a href=\"http:\/\/enep.org.py\/\">ENEP<\/a>, \u00a0que plantea la creaci\u00f3n en el pa\u00eds de un <strong>Consejo de Desarrollo Econ\u00f3mico y Social.<\/strong><\/p>\n<p>De aprobarse la misma, se estar\u00eda dando un paso hist\u00f3rico en la  promoci\u00f3n de la participaci\u00f3n, desde la \u00f3ptica de la diversidad, para  promover pol\u00edticas p\u00fablicas.<\/p>\n<p><strong>El di\u00e1logo social como perspectiva para potenciar agendas<\/strong><\/p>\n<p><strong> <\/strong><\/p>\n<p>En la reuni\u00f3n citada, los miembros del <a href=\"http:\/\/enep.org.py\/\">ENEP<\/a> destacaron que el di\u00e1logo social constituye una perspectiva y, a la  vez, metodolog\u00eda para contribuir con las diversas agendas que plantean  \u201ccombatir la pobreza\u201d, ya que permitir\u00eda que los diferentes sectores  construyan acuerdos, hecho que favorecer\u00eda condiciones favorables de  gobernanza.<\/p>\n<p>El <a href=\"http:\/\/enep.org.py\/\">ENEP<\/a> es un grupo de personas, provenientes de sectores heterog\u00e9neos  (empresarial, social, cultural), que viene promoviendo en el pa\u00eds el  di\u00e1logo social. Cuenta con el apoyo de una singular articulaci\u00f3n de  organismos de cooperaci\u00f3n: Agencia Espa\u00f1ola de Cooperaci\u00f3n Internacional  para el Desarrollo (AECID), Agencia de los Estados Unidos para el  Desarrollo Internacional (USAID), a trav\u00e9s de la organizaci\u00f3n Gesti\u00f3n  Ambiental (geAm),\u00a0 Uni\u00f3n Europea (UE) y el Programa de las Naciones  Unidas para el Desarrollo (PNUD).<\/p>\n<p style=\"text-align: left;\">\n","protected":false},"excerpt":{"rendered":"<p>Los miembros del Equipo Nacional de Estrategia Pa\u00eds (ENEP) definieron la agenda de septiembre \u2013 octubre, durante la plenaria que se llev\u00f3 a cabo el pasado 7 de septiembre. La agenda definida incluye reuniones o conversatorios con distintos actores pol\u00edticos y sociales de manera que los mismos se informen y conozcan sobre qu\u00e9 es un [&hellip;]<\/p>\n","protected":false},"author":4,"featured_media":1528,"comment_status":"open","ping_status":"open","sticky":false,"template":"","format":"standard","meta":[],"categories":[1],"tags":[41],"_links":{"self":[{"href":"https:\/\/www.geam.org.py\/v3\/wp-json\/wp\/v2\/posts\/1526"}],"collection":[{"href":"https:\/\/www.geam.org.py\/v3\/wp-json\/wp\/v2\/posts"}],"about":[{"href":"https:\/\/www.geam.org.py\/v3\/wp-json\/wp\/v2\/types\/post"}],"author":[{"embeddable":true,"href":"https:\/\/www.geam.org.py\/v3\/wp-json\/wp\/v2\/users\/4"}],"replies":[{"embeddable":true,"href":"https:\/\/www.geam.org.py\/v3\/wp-json\/wp\/v2\/comments?post=1526"}],"version-history":[{"count":1,"href":"https:\/\/www.geam.org.py\/v3\/wp-json\/wp\/v2\/posts\/1526\/revisions"}],"predecessor-version":[{"id":1542,"href":"https:\/\/www.geam.org.py\/v3\/wp-json\/wp\/v2\/posts\/1526\/revisions\/1542"}],"wp:featuredmedia":[{"embeddable":true,"href":"https:\/\/www.geam.org.py\/v3\/wp-json\/wp\/v2\/media\/1528"}],"wp:attachment":[{"href":"https:\/\/www.geam.org.py\/v3\/wp-json\/wp\/v2\/media?parent=1526"}],"wp:term":[{"taxonomy":"category","embeddable":true,"href":"https:\/\/www.geam.org.py\/v3\/wp-json\/wp\/v2\/categories?post=1526"},{"taxonomy":"post_tag","embeddable":true,"href":"https:\/\/www.geam.org.py\/v3\/wp-json\/wp\/v2\/tags?post=1526"}],"curies":[{"name":"wp","href":"https:\/\/api.w.org\/{rel}","templated":true}]}}