{"id":1478,"date":"2013-07-31T20:55:54","date_gmt":"2013-07-31T20:55:54","guid":{"rendered":"http:\/\/www.geam.org.py\/v3\/?p=1478"},"modified":"2013-08-05T13:07:23","modified_gmt":"2013-08-05T13:07:23","slug":"feria-emanami-de-la-funcion-publica-en-su-tercera-edicion","status":"publish","type":"post","link":"https:\/\/www.geam.org.py\/v3\/blog\/feria-emanami-de-la-funcion-publica-en-su-tercera-edicion\/","title":{"rendered":"Feria Ema\u00f1ami de la Funci\u00f3n P\u00fablica en su tercera edici\u00f3n"},"content":{"rendered":"<p style=\"text-align: center;\"><a href=\"http:\/\/www.geam.org.py\/v3\/uploads\/2013\/07\/WEB.jpg\"><img decoding=\"async\" loading=\"lazy\" class=\"aligncenter size-medium wp-image-1479\" title=\"WEB\" src=\"http:\/\/www.geam.org.py\/v3\/uploads\/2013\/07\/WEB-445x296.jpg\" alt=\"\" width=\"445\" height=\"296\" srcset=\"https:\/\/www.geam.org.py\/v3\/uploads\/2013\/07\/WEB-445x296.jpg 445w, https:\/\/www.geam.org.py\/v3\/uploads\/2013\/07\/WEB.jpg 640w\" sizes=\"(max-width: 445px) 100vw, 445px\" \/><\/a><\/p>\n<h6 style=\"text-align: center;\"><span style=\"font-weight: normal;\">La representante de FUNIBER, Raquel Meza; el director de USAID, Fernando Cossich; la ministra de la Funci\u00f3n P\u00fablica, Nuria Isnardi; y el director ejecutivo de geAm, Jorge Abbate<\/span><\/h6>\n<p>Con la participaci\u00f3n de funcionarios y funcionarias de diferentes instituciones p\u00fablicas, se llev\u00f3 a cabo este mi\u00e9rcoles 31 de julio la tercera edici\u00f3n de la Feria Ema\u00f1ami de la Funci\u00f3n P\u00fablica, organizado por la Secretar\u00eda de la Funci\u00f3n P\u00fablica (SFP), con el apoyo del Programa de Democracia \u201cCalidad en la Gesti\u00f3n P\u00fablica\u201d, ejecutado Gesti\u00f3n Ambiental (geAm), con la cooperaci\u00f3n de la Agencia de los Estados Unidos para el Desarrollo Internacional (USAID).<\/p>\n<p>El evento cont\u00f3 con la presencia de la ministra de la Funci\u00f3n P\u00fablica, Nuria Isnardi; del director ejecutivo de geAm, Jorge Abbate; del director de USAID, Fernando Cossich; de la encargada del \u00c1rea de Democracia y Crecimiento Econ\u00f3mico de USAID, Elisa Zogbi; del auditor general del Poder Ejecutivo, Octavio Airaldi; as\u00ed como representantes de organismos gubernamentales y de la sociedad civil.<\/p>\n<p>En la ocasi\u00f3n, la ministra Isnardi resalt\u00f3 la importancia de la feria como un espacio de di\u00e1logo interinstitucional, orientado al intercambio de conocimientos, ideas y experiencias entre los funcionarios p\u00fablicos y la ciudadan\u00eda. As\u00ed tambi\u00e9n, agradeci\u00f3 la colaboraci\u00f3n de las organizaciones geAm y Semillas para la Democracia en la construcci\u00f3n de una gesti\u00f3n p\u00fablica eficiente.<\/p>\n<p>En su intervenci\u00f3n, el director de USAID en Paraguay, Fernando Cossich, destac\u00f3 el esfuerzo de la SFP en el mejoramiento de la carrera del Servicio Civil y de la gesti\u00f3n gubernamental.<\/p>\n<p>Por su parte, Jorge Abbate destac\u00f3 la cooperaci\u00f3n entre geAm y la SFP y, en este sentido, se refiri\u00f3 a la tarea en la identificaci\u00f3n de las Buenas Pr\u00e1cticas en la Administraci\u00f3n P\u00fablica, indicando que \u201ccon ello queremos una funci\u00f3n p\u00fablica mejorada, funcionarios identificados como servidores p\u00fablicos y que los actos de buenas pr\u00e1cticas se transformen en un h\u00e1bito que conlleve a la excelencia en la gesti\u00f3n p\u00fablica\u201d.<\/p>\n<p>Dentro de este marco se realiz\u00f3 la premiaci\u00f3n del segundo concurso de \u201cBuenas Pr\u00e1cticas de Desarrollo y Gesti\u00f3n de Personas en la Administraci\u00f3n P\u00fablica\u201d, siendo las experiencias seleccionadas: Programa de Promoci\u00f3n de la Salud y Prevenci\u00f3n de las Enfermedades del Personal del Instituto de Previsi\u00f3n Social, Pol\u00edtica de Asignaci\u00f3n Salarial por Categor\u00eda de puestos de la Municipalidad de Luque y Prestaci\u00f3n Externa del Servicio de Guarder\u00eda para hijos de funcionarios de la instituci\u00f3n del Ministerio de Relaciones Exteriores.<\/p>\n<p>Cabe mencionar que durante la muestra se desarroll\u00f3 adem\u00e1s el lanzamiento de la Red de Calidad Humana, as\u00ed como exposiciones y paneles a cargo de expertos nacionales e internacionales.<\/p>\n<p><a href=\"https:\/\/www.facebook.com\/media\/set\/?set=a.576071422432032.1073741851.112535915452254&amp;type=1\">Galer\u00eda de im\u00e1genes<\/a><\/p>\n","protected":false},"excerpt":{"rendered":"<p>La representante de FUNIBER, Raquel Meza; el director de USAID, Fernando Cossich; la ministra de la Funci\u00f3n P\u00fablica, Nuria Isnardi; y el director ejecutivo de geAm, Jorge Abbate Con la participaci\u00f3n de funcionarios y funcionarias de diferentes instituciones p\u00fablicas, se llev\u00f3 a cabo este mi\u00e9rcoles 31 de julio la tercera edici\u00f3n de la Feria Ema\u00f1ami [&hellip;]<\/p>\n","protected":false},"author":4,"featured_media":1479,"comment_status":"open","ping_status":"open","sticky":false,"template":"","format":"standard","meta":[],"categories":[1],"tags":[77,48,49,50],"_links":{"self":[{"href":"https:\/\/www.geam.org.py\/v3\/wp-json\/wp\/v2\/posts\/1478"}],"collection":[{"href":"https:\/\/www.geam.org.py\/v3\/wp-json\/wp\/v2\/posts"}],"about":[{"href":"https:\/\/www.geam.org.py\/v3\/wp-json\/wp\/v2\/types\/post"}],"author":[{"embeddable":true,"href":"https:\/\/www.geam.org.py\/v3\/wp-json\/wp\/v2\/users\/4"}],"replies":[{"embeddable":true,"href":"https:\/\/www.geam.org.py\/v3\/wp-json\/wp\/v2\/comments?post=1478"}],"version-history":[{"count":1,"href":"https:\/\/www.geam.org.py\/v3\/wp-json\/wp\/v2\/posts\/1478\/revisions"}],"predecessor-version":[{"id":1480,"href":"https:\/\/www.geam.org.py\/v3\/wp-json\/wp\/v2\/posts\/1478\/revisions\/1480"}],"wp:featuredmedia":[{"embeddable":true,"href":"https:\/\/www.geam.org.py\/v3\/wp-json\/wp\/v2\/media\/1479"}],"wp:attachment":[{"href":"https:\/\/www.geam.org.py\/v3\/wp-json\/wp\/v2\/media?parent=1478"}],"wp:term":[{"taxonomy":"category","embeddable":true,"href":"https:\/\/www.geam.org.py\/v3\/wp-json\/wp\/v2\/categories?post=1478"},{"taxonomy":"post_tag","embeddable":true,"href":"https:\/\/www.geam.org.py\/v3\/wp-json\/wp\/v2\/tags?post=1478"}],"curies":[{"name":"wp","href":"https:\/\/api.w.org\/{rel}","templated":true}]}}