{"id":1454,"date":"2013-07-08T18:34:43","date_gmt":"2013-07-08T18:34:43","guid":{"rendered":"http:\/\/www.geam.org.py\/v3\/?p=1454"},"modified":"2013-07-08T18:34:43","modified_gmt":"2013-07-08T18:34:43","slug":"evaluan-iniciativas-presentadas-en-concurso-de-buenas-practicas-de-la-sfp","status":"publish","type":"post","link":"https:\/\/www.geam.org.py\/v3\/blog\/evaluan-iniciativas-presentadas-en-concurso-de-buenas-practicas-de-la-sfp\/","title":{"rendered":"Eval\u00faan iniciativas presentadas en concurso de Buenas Pr\u00e1cticas de la SFP"},"content":{"rendered":"<p style=\"text-align: center;\"><a href=\"http:\/\/www.geam.org.py\/v3\/uploads\/2013\/07\/Seleccionada.jpg\"><img decoding=\"async\" loading=\"lazy\" class=\"aligncenter size-medium wp-image-1455\" title=\"Seleccionada\" src=\"http:\/\/www.geam.org.py\/v3\/uploads\/2013\/07\/Seleccionada-445x274.jpg\" alt=\"\" width=\"445\" height=\"274\" srcset=\"https:\/\/www.geam.org.py\/v3\/uploads\/2013\/07\/Seleccionada-445x274.jpg 445w, https:\/\/www.geam.org.py\/v3\/uploads\/2013\/07\/Seleccionada.jpg 640w\" sizes=\"(max-width: 445px) 100vw, 445px\" \/><\/a><\/p>\n<p>Luego de finalizar la convocatoria para la presentaci\u00f3n de las iniciativas al segundo Concurso de Buenas Pr\u00e1cticas de Gesti\u00f3n y Desarrollo de Personas de la Administraci\u00f3n P\u00fablica, impulsado por la Secretar\u00eda de la Funci\u00f3n P\u00fablica (SFP), el comit\u00e9 evaluador inici\u00f3 este lunes 8 de julio el proceso de selecci\u00f3n de las Buenas Pr\u00e1cticas que cumplan con los requisitos de la premiaci\u00f3n.<\/p>\n<p>Cabe mencionar que el Comit\u00e9 est\u00e1 integrado por Humberto Peralta, director general de la carrera de Servicio Civil de la SFP, Miguel \u00c1ngel Vera, director general de Descentralizaci\u00f3n de la SFP; Rossana B\u00e1ez, directora general de Formaci\u00f3n y Capacitaci\u00f3n de la SFP; Ana Mar\u00eda Ferreira, directora general de Derechos Humanos, Igualdad e Inclusi\u00f3n de la SFP; y Ana Pujol, directora general de Gesti\u00f3n del Servicio Civil de la SFP.<\/p>\n<p>Fueron recepcionadas un total 10 iniciativas presentadas por distintas instituciones p\u00fablicas como el Ministerio de Relaciones Exteriores, la Municipalidad de Luque, Secretar\u00eda de Acci\u00f3n Social, Instituto de Previsi\u00f3n Social, Facultad Polit\u00e9cnica-UNA, Ministerio de Salud P\u00fablica y Bienestar Social y la Administraci\u00f3n Nacional de Electricidad.<\/p>\n<p>Esta convocatoria se inici\u00f3 el pasado 6 de mayo y se extendi\u00f3 hasta el 14 de junio, y la premiaci\u00f3n se realizar\u00e1 durante la Feria Ema\u00f1ami, a finales del mes de julio de 2013.<\/p>\n<p>La iniciativa cuenta con el apoyo del Programa de Democracia \u201cCalidad en la Gesti\u00f3n P\u00fablica\u201d, en el marco del Proyecto Promoci\u00f3n del Servicio Civil, ejecutado por la organizaci\u00f3n no gubernamental Gesti\u00f3n Ambiental (geAm), con la cooperaci\u00f3n de la Agencia de los Estados Unidos para el Desarrollo Internacional (USAID).<\/p>\n","protected":false},"excerpt":{"rendered":"<p>Luego de finalizar la convocatoria para la presentaci\u00f3n de las iniciativas al segundo Concurso de Buenas Pr\u00e1cticas de Gesti\u00f3n y Desarrollo de Personas de la Administraci\u00f3n P\u00fablica, impulsado por la Secretar\u00eda de la Funci\u00f3n P\u00fablica (SFP), el comit\u00e9 evaluador inici\u00f3 este lunes 8 de julio el proceso de selecci\u00f3n de las Buenas Pr\u00e1cticas que cumplan [&hellip;]<\/p>\n","protected":false},"author":4,"featured_media":1455,"comment_status":"open","ping_status":"open","sticky":false,"template":"","format":"standard","meta":[],"categories":[1],"tags":[77,48,49,50],"_links":{"self":[{"href":"https:\/\/www.geam.org.py\/v3\/wp-json\/wp\/v2\/posts\/1454"}],"collection":[{"href":"https:\/\/www.geam.org.py\/v3\/wp-json\/wp\/v2\/posts"}],"about":[{"href":"https:\/\/www.geam.org.py\/v3\/wp-json\/wp\/v2\/types\/post"}],"author":[{"embeddable":true,"href":"https:\/\/www.geam.org.py\/v3\/wp-json\/wp\/v2\/users\/4"}],"replies":[{"embeddable":true,"href":"https:\/\/www.geam.org.py\/v3\/wp-json\/wp\/v2\/comments?post=1454"}],"version-history":[{"count":1,"href":"https:\/\/www.geam.org.py\/v3\/wp-json\/wp\/v2\/posts\/1454\/revisions"}],"predecessor-version":[{"id":1456,"href":"https:\/\/www.geam.org.py\/v3\/wp-json\/wp\/v2\/posts\/1454\/revisions\/1456"}],"wp:featuredmedia":[{"embeddable":true,"href":"https:\/\/www.geam.org.py\/v3\/wp-json\/wp\/v2\/media\/1455"}],"wp:attachment":[{"href":"https:\/\/www.geam.org.py\/v3\/wp-json\/wp\/v2\/media?parent=1454"}],"wp:term":[{"taxonomy":"category","embeddable":true,"href":"https:\/\/www.geam.org.py\/v3\/wp-json\/wp\/v2\/categories?post=1454"},{"taxonomy":"post_tag","embeddable":true,"href":"https:\/\/www.geam.org.py\/v3\/wp-json\/wp\/v2\/tags?post=1454"}],"curies":[{"name":"wp","href":"https:\/\/api.w.org\/{rel}","templated":true}]}}