{"id":1074,"date":"2012-09-12T16:56:27","date_gmt":"2012-09-12T16:56:27","guid":{"rendered":"http:\/\/www.geam.org.py\/v3\/?p=1074"},"modified":"2012-09-12T16:56:27","modified_gmt":"2012-09-12T16:56:27","slug":"conversatorio-%e2%80%9cel-futuro-de-asuncion-%c2%bfciudad-chaquena","status":"publish","type":"post","link":"https:\/\/www.geam.org.py\/v3\/blog\/conversatorio-%e2%80%9cel-futuro-de-asuncion-%c2%bfciudad-chaquena\/","title":{"rendered":"Conversatorio \u201cEl futuro de Asunci\u00f3n: \u00bfciudad chaque\u00f1a?"},"content":{"rendered":"<p>El jueves 13 de setiembre a las 19.00 Hs, se realizar\u00e1 un conversatorio denominado \u201cEl futuro de Asunci\u00f3n: \u00bfciudad chaque\u00f1a?, con el objetivo de contribuir al debate publico sobre la propuesta municipal de ampliar el territorio asunceno urbanizando tierras en el bajo Chaco. El mismo tendr\u00e1 lugar en el sal\u00f3n de actos del Colegio La Providencia \/ Universidad Cat\u00f3lica de Asunci\u00f3n (Paraguayo Independiente y Comuneros: El acceso es por Comuneros).<\/p>\n<p>La actividad est\u00e1 convocada por la Corporaci\u00f3n REMA, Asunci\u00f3n nos Une y el Centro de Pol\u00edticas P\u00fablicas de la Universidad Cat\u00f3lica. Cuenta con el apoyo de la POJOAJU (Asociaci\u00f3n de ONGs del Paraguay), GEAM, PUERTO ABIERTO Y ROAM (Red de Organizaciones Ambientalistas del Paraguay). Estas organizaciones civiles y redes de organizaciones promueven el conversatorio bajo el convencimiento de que la propuesta municipal requiere un amplio debate ciudadano.<\/p>\n<p>El Arq. Jorge Rubiani, asesor de la intendencia de Asunci\u00f3n, representar\u00e1 al gobierno local. Informar\u00e1 acerca del estadio y los fundamentos de la iniciativa que el ejecutivo municipal ha difundido por diversos medios, inclusive la prensa. Participar\u00e1 tambi\u00e9n el concejal Rafael Villarejo, quien fue miembro por varios a\u00f1os de la mesa de planificaci\u00f3n de la Junta Municipal. Varios t\u00e9cnicos tendr\u00e1n participaci\u00f3n, desde puntos disciplinares diferentes: Oscar Rivas, miembro de la ONG Sobrevivencia y ex Ministro del Ambiente dar\u00e1 cuenta de las implicancias ambientales; Federico Franco-Troche, arquitecto y ex concejal municipal tratar\u00e1 el asunto desde la perspectiva del rol del gobierno local y la metropolizaci\u00f3n; Gonzalo Garay, arquitecto, contribuir\u00e1 con el conversatorio priorizando la perspectiva de la visi\u00f3n de desarrollo de la capital nacional. El abogado e historiador Gustavo Laterza, por su lado, aportar\u00e1 a la discusi\u00f3n desde el punto de vista legal e hist\u00f3rico. El di\u00e1logo estar\u00e1 moderado por la urbanista Mabel Causarano.<\/p>\n<p><strong>El punta pi\u00e9 inicial para un proceso de di\u00e1logo<\/strong><\/p>\n<p>Esta actividad no pretende agotar la tem\u00e1tica. Por su formato podr\u00e1 esbozar los grandes t\u00f3picos, identificar los elementos, delinear la complejidad, visualizar las posiciones y los argumentos. Se pretende que otras actividades la suceden, inclusive en formatos de mayor duraci\u00f3n, como seminarios y talleres.<\/p>\n<p>La expansi\u00f3n del territorio asunceno y la urbanizaci\u00f3n del territorio del bajo Chaco son asuntos que deben ser analizados\u00a0 a la luz del modelo de urbanizaci\u00f3n, la condici\u00f3n de cabecera metropolitana de Asunci\u00f3n, la densidad poblacional, la inclusi\u00f3n social y la sustentabilidad, los programas y proyectos urbanos en marcha y previstos, entre otros criterios.<\/p>\n<p>Las organizaciones y redes convocantes, desde su responsabilidad de promover la participaci\u00f3n ciudadana, promueven el conversatorio para generar un canal de di\u00e1logo con el gobierno local y convocar a otras organizaciones y personas interesadas en participar del debate p\u00fablico, cuyo desarrollo podr\u00e1 incidir en la toma de decisiones.<\/p>\n<p>El acceso es libre y gratuito.<\/p>\n<p><strong>Consultas:<\/strong><\/p>\n<p>Vladimir Vel\u00e1zquez (0971 \u2013 387 552)<\/p>\n<p>Email: cds.rema@gmail.com<\/p>\n<p><a href=\"http:\/\/www.geam.org.py\/v3\/uploads\/2012\/09\/Charla-Asunci\u00f3n.jpg\"><img decoding=\"async\" loading=\"lazy\" class=\"aligncenter size-medium wp-image-1075\" title=\"Charla Asunci\u00f3n\" src=\"http:\/\/www.geam.org.py\/v3\/uploads\/2012\/09\/Charla-Asunci\u00f3n-445x666.jpg\" alt=\"\" width=\"445\" height=\"666\" srcset=\"https:\/\/www.geam.org.py\/v3\/uploads\/2012\/09\/Charla-Asunci\u00f3n-445x666.jpg 445w, https:\/\/www.geam.org.py\/v3\/uploads\/2012\/09\/Charla-Asunci\u00f3n-800x1199.jpg 800w, https:\/\/www.geam.org.py\/v3\/uploads\/2012\/09\/Charla-Asunci\u00f3n.jpg 842w\" sizes=\"(max-width: 445px) 100vw, 445px\" \/><\/a><\/p>\n","protected":false},"excerpt":{"rendered":"<p>El jueves 13 de setiembre a las 19.00 Hs, se realizar\u00e1 un conversatorio denominado \u201cEl futuro de Asunci\u00f3n: \u00bfciudad chaque\u00f1a?, con el objetivo de contribuir al debate publico sobre la propuesta municipal de ampliar el territorio asunceno urbanizando tierras en el bajo Chaco. El mismo tendr\u00e1 lugar en el sal\u00f3n de actos del Colegio La [&hellip;]<\/p>\n","protected":false},"author":4,"featured_media":1075,"comment_status":"open","ping_status":"open","sticky":false,"template":"","format":"standard","meta":[],"categories":[3],"tags":[62,54],"_links":{"self":[{"href":"https:\/\/www.geam.org.py\/v3\/wp-json\/wp\/v2\/posts\/1074"}],"collection":[{"href":"https:\/\/www.geam.org.py\/v3\/wp-json\/wp\/v2\/posts"}],"about":[{"href":"https:\/\/www.geam.org.py\/v3\/wp-json\/wp\/v2\/types\/post"}],"author":[{"embeddable":true,"href":"https:\/\/www.geam.org.py\/v3\/wp-json\/wp\/v2\/users\/4"}],"replies":[{"embeddable":true,"href":"https:\/\/www.geam.org.py\/v3\/wp-json\/wp\/v2\/comments?post=1074"}],"version-history":[{"count":1,"href":"https:\/\/www.geam.org.py\/v3\/wp-json\/wp\/v2\/posts\/1074\/revisions"}],"predecessor-version":[{"id":1076,"href":"https:\/\/www.geam.org.py\/v3\/wp-json\/wp\/v2\/posts\/1074\/revisions\/1076"}],"wp:featuredmedia":[{"embeddable":true,"href":"https:\/\/www.geam.org.py\/v3\/wp-json\/wp\/v2\/media\/1075"}],"wp:attachment":[{"href":"https:\/\/www.geam.org.py\/v3\/wp-json\/wp\/v2\/media?parent=1074"}],"wp:term":[{"taxonomy":"category","embeddable":true,"href":"https:\/\/www.geam.org.py\/v3\/wp-json\/wp\/v2\/categories?post=1074"},{"taxonomy":"post_tag","embeddable":true,"href":"https:\/\/www.geam.org.py\/v3\/wp-json\/wp\/v2\/tags?post=1074"}],"curies":[{"name":"wp","href":"https:\/\/api.w.org\/{rel}","templated":true}]}}